{"id":6906,"date":"2025-06-23T12:04:54","date_gmt":"2025-06-23T12:04:54","guid":{"rendered":"http:\/\/elenacuza.ro\/?p=6906"},"modified":"2025-07-03T10:51:48","modified_gmt":"2025-07-03T10:51:48","slug":"anunt-contestatii-si-vizualizare-en2025","status":"publish","type":"post","link":"http:\/\/elenacuza.ro\/?p=6906","title":{"rendered":"Anun\u021b Contesta\u021bii \u0219i Vizualizare EN2025"},"content":{"rendered":"<p style=\"text-align: center;\"><strong>\u00ceN ATEN\u021aIA CANDIDA\u021aILOR<\/strong><\/p>\n<p style=\"text-align: center;\"><strong>d<\/strong><strong>e la examenul de Evaluare Na\u021bional\u0103 pentru absolven\u021bii clasei a VIII-a, sesiunea 2025<\/strong><\/p>\n<p style=\"text-align: center;\"><strong>Calendarul organiz\u0103rii probelor EN VIII, a afi\u0219\u0103rii rezultatelor \u0219i a activit\u0103\u021bii de <\/strong><strong>vizualizare a lucr\u0103rilor \u0219i depunerii contesta\u021biilor:<\/strong><\/p>\n<ul>\n<li>23 iunie 2025 &#8211; proba scris\u0103 limba \u0219i literatura rom\u00e2n\u0103<\/li>\n<li>25 iunie 2025 &#8211; proba scris\u0103 matematic\u0103<\/li>\n<li>3 iulie 2025 (p\u00e2n\u0103 la ora 12.00) &#8211; afi\u0219area rezultatelor ini\u021biale<\/li>\n<li>3 iulie 2025:<\/li>\n<li>\u00een intervalul orar 14.00 &#8211; 17.00 \u2013 depunerea cererilor pentru vizualizarea lucr\u0103rilor la secretariat sau pe adresa de e-mail: \u00a0<strong><u><a href=\"mailto:contestatiievaluare2025@elenacuza.ro\">contestatiievaluare2025@elenacuza.ro<\/a><\/u><\/strong><\/li>\n<li>\u00een intervalul orar 17.00 &#8211; 18.00 &#8211; vizualizarea lucr\u0103rilor scrise, conform program\u0103rii transmise, \u0219i depunerea contesta\u021biilor;<\/li>\n<li>4 iulie-5 iulie 2025, \u00een intervalul orar 09.00 &#8211; 17.00 &#8211; vizualizarea lucr\u0103rilor \u0219i depunerea contesta\u021biilor<\/li>\n<li>6 iulie-9 iulie 2025 &#8211; solu\u021bionarea contesta\u021biilor<\/li>\n<li>10 iulie 2025 &#8211; afi\u0219area rezultatelor finale dup\u0103 solu\u021bionarea contesta\u021biilor<\/li>\n<\/ul>\n<p>\u00cenaintea depunerii contesta\u021biei, p\u0103rin\u021bii\/reprezentan\u021bii legali ai candida\u021bilor minori pot depune la sediul Colegiului Na\u021bional Elena Cuza sau pot \u00a0transmite prin \u00a0mijloace electronice \u00a0\u2013 \u00a0pe \u00a0adresa \u00a0de \u00a0e-mail <strong>\u00a0<\/strong><strong><u><a href=\"mailto:contestatiievaluare2025@elenacuza.ro\">contestatiievaluare2025@elenacuza.ro<\/a><\/u><\/strong>, <u>,<\/u> data de 3 iulie, \u00eentre orele 14.00 \u2013 17.00, cererea prin care solicit\u0103 vizualizarea lucr\u0103rilor, conform modelului de mai jos.<\/p>\n<p>Candida\u021bii minori, \u00eenso\u021bi\u021bi de un un p\u0103rinte\/reprezentant legal, vizualizeaz\u0103 individual lucrarea\/lucr\u0103rile, \u00een prezen\u021ba unei persoane nominalizate de pre\u0219edintele comisiei din centrul de examen.<\/p>\n<p>Candida\u021bilor \u0219i p\u0103rin\u021bilor\/reprezentan\u021bilor legali le este interzis\u0103 introducerea \u00een sala de vizualizarea a oric\u0103rui mijloc de \u00eenregistrare audio\/video (dar pot aduce baremul de evaluare \u015fi de notare. Aten\u021bie: elevii nu vor avea acces la borderoul de notarea al evaluatorilor!).<\/p>\n<p>Persoanelor \u00a0nominalizate \u00a0de \u00a0c\u0103tre \u00a0pre\u0219edintele \u00a0comisiei \u00a0din \u00a0centrul \u00a0de examen \u00een prezen\u021ba c\u0103rora se vizualizeaz\u0103 lucr\u0103rile, \u00eenaintea depunerii contesta\u021biilor, li se interzice s\u0103 fac\u0103 aprecieri privind con\u021binutul \u0219i evaluarea lucr\u0103rilor.<\/p>\n<p>Dup\u0103 vizualizarea lucr\u0103rii\/lucr\u0103rilor, candida\u021bii minori \u0219i p\u0103rin\u021bii\/reprezentan\u021bii legali vor semna o declara\u021bie prin care confirm\u0103 c\u0103 au vizualizat lucrarea solicitat\u0103\/lucr\u0103rile solicitate, conform modelului din anex\u0103.<\/p>\n<p>Vizualizarea lucr\u0103rilor are un caracter strict informativ \u0219i nu echivaleaz\u0103 cu recorectarea acestora sau cu exprimarea unor aprecieri calitative ori cantitative din partea persoanelor implicate \u00een procesul de vizualizare.<\/p>\n<p>\u00cen \u00a0situa\u021bia \u00a0\u00een \u00a0care \u00a0elevul \u00a0constat\u0103,\u00a0 la \u00a0momentul \u00a0vizualiz\u0103rii lucr\u0103rii, \u00a0c\u0103 aceasta nu \u00eei apar\u021bine sau nu a fost scanat\u0103 integral, comisia din unitatea de \u00eenv\u0103\u021b\u0103m\u00e2nt\u00a0 va \u00a0demara \u00a0procedura \u00a0pentru \u00a0remedierea \u00a0erorilor\/reevalu\u0103rii lucr\u0103rii, conform prevederilor legale.<\/p>\n<p>Dup\u0103 vizualizarea lucr\u0103rii\/lucr\u0103rilor scrise de c\u0103tre candidat, acesta poate depune o contesta\u021bie (cererea anexat\u0103) la secretariatul unit\u0103\u021bii de \u00eenv\u0103\u021b\u0103m\u00e2nt sau o poate trimite scanat\u0103 pe adres\u0103 de e-mail: <strong><u><a href=\"mailto:contact@scoala-traian.ro\">contestatiievaluare2025@elenacuza.ro,<\/a><\/u><\/strong> \u00een zilele de 3 iulie, 17.00-18.00\/4-5 iulie, 9.00-17.00), astfel:<\/p>\n<p>&#8211; \u00een format fizic la secretariatul \u0219colii: cerere (formular-tip existent la secretariat, semnat de p\u0103rinte \u0219i elev) &#8211; se vor prezenta pentru legitimare: CI p\u0103rinte, CI elev;<\/p>\n<p>&#8211; online, pe adresa de e-mail: <strong><u><a href=\"mailto:contestatiievaluare2025@elenacuza.ro\">contestatiievaluare2025@elenacuza.ro<\/a><\/u><\/strong><strong>: <\/strong>\u00a0documente scanate:<\/p>\n<p>&#8211; cerere (formular-tip, semnat de p\u0103rinte \u0219i elev), CI p\u0103rinte, CI elev.<\/p>\n<p>&#8211; cererea con\u021bine o declara\u021bie-tip \u00een care se men\u021bioneaz\u0103 faptul c\u0103 au luat la cuno\u0219tin\u021b\u0103 de faptul c\u0103 nota acordat\u0103 ca urmare a solu\u021bion\u0103rii contesta\u021biei poate modifica, dup\u0103 caz, nota ini\u021bial\u0103, prin cre\u0219tere sau descre\u0219tere (conform prevederilor art. \u00a011 \u00a0alin. \u00a0(4) \u00a0din \u00a0O.M.E.\u00a0 nr. \u00a06479\/2024 privind organizarea \u0219i \u00a0desf\u0103\u0219urarea evalu\u0103rii na\u021bionale pentru absolven\u021bii clasei a VIII-a \u00een anul \u0219colar 2024-2025).<\/p>\n<p>Contesta\u021biile \u00a0transmise \u00a0electronic \u00a0nu\u00a0 \u00a0vor\u00a0\u00a0 fi\u00a0 \u00a0luate\u00a0 \u00a0\u00een\u00a0 \u00a0considerare\u00a0\u00a0 \u00een<\/p>\n<p>urm\u0103toarele situa\u021bii:<\/p>\n<p>&#8211; \u00cen absen\u021ba declara\u021biei prev\u0103zute anterior;<\/p>\n<p>&#8211; \u00cen lipsa actului de identitate al candidatului \u0219i al p\u0103rintelui care semneaz\u0103 cererea;<\/p>\n<p>&#8211; \u00cen cazul \u00een care nu sunt transmise pe adresa de e-mail: <strong><u><a href=\"mailto:contestatiievaluare2025@elenacuza.ro\">contestatiievaluare2025@elenacuza.ro<\/a><\/u><\/strong><\/p>\n<p>&nbsp;<\/p>\n<p><strong><em>\u00a0\u00a0\u00a0\u00a0\u00a0\u00a0\u00a0\u00a0 V<\/em><\/strong><strong><em>izualizarea lucr\u0103rii\/lucr\u0103rilor nu oblig\u0103 candidatul \u0219i la depunerea unei cereri de contesta\u021bie a lucr\u0103rii\/lucr\u0103rilor.<\/em><\/strong><\/p>\n<p><strong><em>\u00a0\u00a0\u00a0\u00a0\u00a0\u00a0\u00a0\u00a0 Depunerea \u00a0unei \u00a0cereri \u00a0de\u00a0 \u00a0contesta\u021bie \u00a0a\u00a0 \u00a0lucr\u0103rii\/lucr\u0103rilor \u00a0nu\u00a0 \u00a0este condi\u021bionat\u0103 de vizualizarea lucr\u0103rii\/lucr\u0103rilor.<\/em><\/strong><\/p>\n<p><strong>V\u0103 ata\u0219\u0103m:<\/strong><\/p>\n<p><a href=\"http:\/\/elenacuza.ro\/wp-content\/uploads\/2025\/06\/Model-cerere-contestatie.pdf\" target=\"_blank\" rel=\"noopener\"><strong>Anexa nr.1- Model cerere contesta\u021bie Evaluare Na\u021bional\u0103 2025<\/strong><\/a><\/p>\n<p><a href=\"http:\/\/elenacuza.ro\/wp-content\/uploads\/2025\/06\/Cerere-tip-vizualizare-lucrarianexa-1.pdf\" target=\"_blank\" rel=\"noopener\"><strong>Model cerere vizualizare Evaluare Na\u021bional\u0103 2025<\/strong><\/a><\/p>\n<p><a href=\"http:\/\/elenacuza.ro\/wp-content\/uploads\/2025\/06\/30.Declaratie-confirmare-vizualizare-lucrarianexa-2.pdf\" target=\"_blank\" rel=\"noopener\"><strong>Declara\u021bie confirmare vizualizare lucrare Evaluare Na\u021bional\u0103 2025<\/strong><\/a><\/p>\n<h3><strong>Adresa de email la care se pot trimite cererile: contestatiievaluare2025@elenacuza.ro<\/strong><\/h3>\n","protected":false},"excerpt":{"rendered":"<p>\u00ceN ATEN\u021aIA CANDIDA\u021aILOR de la examenul de Evaluare Na\u021bional\u0103 pentru absolven\u021bii clasei a VIII-a, sesiunea 2025 Calendarul organiz\u0103rii probelor EN VIII, a afi\u0219\u0103rii rezultatelor \u0219i a activit\u0103\u021bii de vizualizare a lucr\u0103rilor \u0219i depunerii contesta\u021biilor: 23 iunie 2025 &#8211; proba scris\u0103 limba \u0219i literatura rom\u00e2n\u0103 25 iunie 2025 &#8211; proba scris\u0103 [&hellip;]<\/p>\n","protected":false},"author":1,"featured_media":0,"comment_status":"closed","ping_status":"closed","sticky":false,"template":"","format":"standard","meta":[],"categories":[1],"tags":[],"_links":{"self":[{"href":"http:\/\/elenacuza.ro\/index.php?rest_route=\/wp\/v2\/posts\/6906"}],"collection":[{"href":"http:\/\/elenacuza.ro\/index.php?rest_route=\/wp\/v2\/posts"}],"about":[{"href":"http:\/\/elenacuza.ro\/index.php?rest_route=\/wp\/v2\/types\/post"}],"author":[{"embeddable":true,"href":"http:\/\/elenacuza.ro\/index.php?rest_route=\/wp\/v2\/users\/1"}],"replies":[{"embeddable":true,"href":"http:\/\/elenacuza.ro\/index.php?rest_route=%2Fwp%2Fv2%2Fcomments&post=6906"}],"version-history":[{"count":8,"href":"http:\/\/elenacuza.ro\/index.php?rest_route=\/wp\/v2\/posts\/6906\/revisions"}],"predecessor-version":[{"id":6927,"href":"http:\/\/elenacuza.ro\/index.php?rest_route=\/wp\/v2\/posts\/6906\/revisions\/6927"}],"wp:attachment":[{"href":"http:\/\/elenacuza.ro\/index.php?rest_route=%2Fwp%2Fv2%2Fmedia&parent=6906"}],"wp:term":[{"taxonomy":"category","embeddable":true,"href":"http:\/\/elenacuza.ro\/index.php?rest_route=%2Fwp%2Fv2%2Fcategories&post=6906"},{"taxonomy":"post_tag","embeddable":true,"href":"http:\/\/elenacuza.ro\/index.php?rest_route=%2Fwp%2Fv2%2Ftags&post=6906"}],"curies":[{"name":"wp","href":"https:\/\/api.w.org\/{rel}","templated":true}]}}